{"id":10153,"date":"2025-01-24T17:29:36","date_gmt":"2025-01-24T15:29:36","guid":{"rendered":"https:\/\/vsseyring.ac.at\/?p=10153"},"modified":"2025-08-14T13:02:13","modified_gmt":"2025-08-14T11:02:13","slug":"begabungsfoerderung","status":"publish","type":"post","link":"https:\/\/vsseyring.ac.at\/?p=10153","title":{"rendered":"Begabungsf\u00f6rderung"},"content":{"rendered":"<h4><span style=\"color: #339966;\">Gartenworkshop&nbsp;<\/span><\/h4>\n<p>Kinder von der 1. &#8211; 4. Klasse konnten an einem Gartenworkshop teilnehmen. Es wurde ein Kr\u00e4uterbeet angefertigt, mit Kr\u00e4uter bepflanzt und am Ende des Schuljahres wurden die Kr\u00e4uter gemeinsam verkostet.&nbsp;<\/p>\n<p><img loading=\"lazy\" decoding=\"async\" class=\"aligncenter size-large wp-image-10289\" src=\"https:\/\/vsseyring.ac.at\/wp-content\/uploads\/2025\/01\/Gartenworkshop-1024x1024.jpg\" alt=\"\" width=\"670\" height=\"670\" srcset=\"https:\/\/vsseyring.ac.at\/wp-content\/uploads\/2025\/01\/Gartenworkshop-1024x1024.jpg 1024w, https:\/\/vsseyring.ac.at\/wp-content\/uploads\/2025\/01\/Gartenworkshop-300x300.jpg 300w, https:\/\/vsseyring.ac.at\/wp-content\/uploads\/2025\/01\/Gartenworkshop-150x150.jpg 150w, https:\/\/vsseyring.ac.at\/wp-content\/uploads\/2025\/01\/Gartenworkshop-768x768.jpg 768w, https:\/\/vsseyring.ac.at\/wp-content\/uploads\/2025\/01\/Gartenworkshop-1536x1536.jpg 1536w, https:\/\/vsseyring.ac.at\/wp-content\/uploads\/2025\/01\/Gartenworkshop-2048x2048.jpg 2048w\" sizes=\"auto, (max-width: 670px) 100vw, 670px\" \/><\/p>\n<p>&nbsp;<\/p>\n<h4><span style=\"color: #339966;\">TANZWORKSHOP&nbsp;<\/span><\/h4>\n<p>Die Kinder der 3. und 4. Klasse studierten eine Choreografie zum Pop Hit &#8222;APT&#8220; ein.<\/p>\n<p>Gemeinsam wurden Schritte und Aufstellungen \u00fcberlegt. Beim Abschlussfest im Juni werden die Kinder ihren Tanz pr\u00e4sentieren.&nbsp;<\/p>\n<p><img loading=\"lazy\" decoding=\"async\" class=\"aligncenter size-large wp-image-10255\" src=\"https:\/\/vsseyring.ac.at\/wp-content\/uploads\/2025\/01\/Tanzworkshop34Klasse-1024x1024.jpg\" alt=\"\" width=\"670\" height=\"670\" srcset=\"https:\/\/vsseyring.ac.at\/wp-content\/uploads\/2025\/01\/Tanzworkshop34Klasse-1024x1024.jpg 1024w, https:\/\/vsseyring.ac.at\/wp-content\/uploads\/2025\/01\/Tanzworkshop34Klasse-300x300.jpg 300w, https:\/\/vsseyring.ac.at\/wp-content\/uploads\/2025\/01\/Tanzworkshop34Klasse-150x150.jpg 150w, https:\/\/vsseyring.ac.at\/wp-content\/uploads\/2025\/01\/Tanzworkshop34Klasse-768x768.jpg 768w, https:\/\/vsseyring.ac.at\/wp-content\/uploads\/2025\/01\/Tanzworkshop34Klasse-1536x1536.jpg 1536w, https:\/\/vsseyring.ac.at\/wp-content\/uploads\/2025\/01\/Tanzworkshop34Klasse-2048x2048.jpg 2048w\" sizes=\"auto, (max-width: 670px) 100vw, 670px\" \/><\/p>\n<h4>&nbsp;<\/h4>\n<h4>&nbsp;<\/h4>\n<h4><span style=\"color: #339966;\">STOPMOTION Workshop<\/span><\/h4>\n<p>Im Stopmotion- Workshop lernten die Kinder der 1. und 2. Schulstufe, wie sie einen kurzen Film mit Hilfe von einzelnen Fotos herstellen k\u00f6nnen. Der Kreativit\u00e4t waren hier keinen Grenzen gesetzt. Es wurden mit Legofiguren, Stofftieren, Plastilin, Matchboxautos, Stiften, Papier und dem eigenen K\u00f6rper kurze Filme erstellt. Alle Sch\u00fclerInnen waren sehr stolz auf ihre Endergebnisse.<\/p>\n<p><img loading=\"lazy\" decoding=\"async\" class=\"aligncenter size-large wp-image-10254\" src=\"https:\/\/vsseyring.ac.at\/wp-content\/uploads\/2025\/01\/BegabungskursStopMotion-1024x1024.jpg\" alt=\"\" width=\"670\" height=\"670\" srcset=\"https:\/\/vsseyring.ac.at\/wp-content\/uploads\/2025\/01\/BegabungskursStopMotion-1024x1024.jpg 1024w, https:\/\/vsseyring.ac.at\/wp-content\/uploads\/2025\/01\/BegabungskursStopMotion-300x300.jpg 300w, https:\/\/vsseyring.ac.at\/wp-content\/uploads\/2025\/01\/BegabungskursStopMotion-150x150.jpg 150w, https:\/\/vsseyring.ac.at\/wp-content\/uploads\/2025\/01\/BegabungskursStopMotion-768x768.jpg 768w, https:\/\/vsseyring.ac.at\/wp-content\/uploads\/2025\/01\/BegabungskursStopMotion-1536x1536.jpg 1536w, https:\/\/vsseyring.ac.at\/wp-content\/uploads\/2025\/01\/BegabungskursStopMotion-2048x2048.jpg 2048w\" sizes=\"auto, (max-width: 670px) 100vw, 670px\" \/><\/p>\n<p>&nbsp;<\/p>\n<p style=\"text-align: left;\">&nbsp;<\/p>\n<h4><span style=\"color: #339966;\">CHEMIEWORKSHOP<\/span><\/h4>\n<p style=\"text-align: left;\">An drei Nachmittagen fand im Zuge unserer Begabungsf\u00f6rderung ein Chemieworkshop statt. Die Teilnehmer*innen konnten selbst Versuche zu Gasen und Wasser durchf\u00fchren, die spannend und lustig zugleich waren!&nbsp;<\/p>\n<p><img loading=\"lazy\" decoding=\"async\" class=\"aligncenter size-large wp-image-10170\" src=\"https:\/\/vsseyring.ac.at\/wp-content\/uploads\/2025\/02\/InCollage_20250217_112846921-1024x1024.jpg\" alt=\"\" width=\"670\" height=\"670\" srcset=\"https:\/\/vsseyring.ac.at\/wp-content\/uploads\/2025\/02\/InCollage_20250217_112846921-1024x1024.jpg 1024w, https:\/\/vsseyring.ac.at\/wp-content\/uploads\/2025\/02\/InCollage_20250217_112846921-300x300.jpg 300w, https:\/\/vsseyring.ac.at\/wp-content\/uploads\/2025\/02\/InCollage_20250217_112846921-150x150.jpg 150w, https:\/\/vsseyring.ac.at\/wp-content\/uploads\/2025\/02\/InCollage_20250217_112846921-768x768.jpg 768w, https:\/\/vsseyring.ac.at\/wp-content\/uploads\/2025\/02\/InCollage_20250217_112846921-1536x1536.jpg 1536w, https:\/\/vsseyring.ac.at\/wp-content\/uploads\/2025\/02\/InCollage_20250217_112846921-2048x2048.jpg 2048w\" sizes=\"auto, (max-width: 670px) 100vw, 670px\" \/><\/p>\n<p>&nbsp;<\/p>\n<h4><span style=\"color: #339966;\">T\u00d6PFERWORKSHOP<\/span><\/h4>\n<p>Am 5.12. und 12.12. fand f\u00fcr angemeldete Kinder der 1. und 2. Klasse ein T\u00f6pfer-Workshop statt. In den ersten beiden Stunden wurde get\u00f6pfert. Eine Woche sp\u00e4ter wurden die Werke dann bemalt. Es sind tolle Kunstwerke entstanden! Die Kinder und ich (Verena F\u00fcrhacker) hatten sehr viel Freude in dieser kreativen Zeit.<\/p>\n<p><img loading=\"lazy\" decoding=\"async\" class=\"aligncenter wp-image-10034\" src=\"https:\/\/vsseyring.ac.at\/wp-content\/uploads\/2024\/12\/IMG-20241220-WA0003-683x1024.jpg\" alt=\"\" width=\"524\" height=\"786\" srcset=\"https:\/\/vsseyring.ac.at\/wp-content\/uploads\/2024\/12\/IMG-20241220-WA0003-683x1024.jpg 683w, https:\/\/vsseyring.ac.at\/wp-content\/uploads\/2024\/12\/IMG-20241220-WA0003-200x300.jpg 200w, https:\/\/vsseyring.ac.at\/wp-content\/uploads\/2024\/12\/IMG-20241220-WA0003-768x1151.jpg 768w, https:\/\/vsseyring.ac.at\/wp-content\/uploads\/2024\/12\/IMG-20241220-WA0003-1025x1536.jpg 1025w, https:\/\/vsseyring.ac.at\/wp-content\/uploads\/2024\/12\/IMG-20241220-WA0003.jpg 1334w\" sizes=\"auto, (max-width: 524px) 100vw, 524px\" \/><\/p>\n<p>&nbsp;<\/p>\n<h4><span style=\"color: #339966;\">KUNSTWORKSHOP&nbsp;<\/span><\/h4>\n<p>Im Kunstworkshop haben wir uns mit dem Thema \u201eSonne\u201c auseinandergesetzt. Nach einer spannenden theoretischen Einf\u00fchrung hatten die Sch\u00fcler:innen der dritten und vierten Klasse die Gelegenheit, ihrer Kreativit\u00e4t freien Lauf zu lassen. Mit einer Vielfalt an Materialien und Farben experimentierten sie, um die Sonne auf unterschiedlichste Weise zu zeichnen und darzustellen.<\/p>\n<p><img loading=\"lazy\" decoding=\"async\" class=\"aligncenter wp-image-10007\" src=\"https:\/\/vsseyring.ac.at\/wp-content\/uploads\/2024\/12\/InCollage_20241216_162931658-1024x1024.jpg\" alt=\"\" width=\"623\" height=\"623\" srcset=\"https:\/\/vsseyring.ac.at\/wp-content\/uploads\/2024\/12\/InCollage_20241216_162931658-1024x1024.jpg 1024w, https:\/\/vsseyring.ac.at\/wp-content\/uploads\/2024\/12\/InCollage_20241216_162931658-300x300.jpg 300w, https:\/\/vsseyring.ac.at\/wp-content\/uploads\/2024\/12\/InCollage_20241216_162931658-150x150.jpg 150w, https:\/\/vsseyring.ac.at\/wp-content\/uploads\/2024\/12\/InCollage_20241216_162931658-768x768.jpg 768w, https:\/\/vsseyring.ac.at\/wp-content\/uploads\/2024\/12\/InCollage_20241216_162931658-1536x1536.jpg 1536w, https:\/\/vsseyring.ac.at\/wp-content\/uploads\/2024\/12\/InCollage_20241216_162931658-2048x2048.jpg 2048w\" sizes=\"auto, (max-width: 623px) 100vw, 623px\" \/><\/p>\n<p>&nbsp;<\/p>\n<p>&nbsp;<\/p>\n<p>&nbsp;<\/p>\n<p>&nbsp;<\/p>\n<p>&nbsp;<\/p>\n","protected":false},"excerpt":{"rendered":"<p>Gartenworkshop&nbsp; Kinder von der 1. &#8211; 4. Klasse konnten an einem Gartenworkshop teilnehmen. Es wurde ein Kr\u00e4uterbeet angefertigt, mit Kr\u00e4uter bepflanzt und am Ende des Schuljahres wurden die Kr\u00e4uter gemeinsam verkostet.&nbsp; &nbsp; TANZWORKSHOP&nbsp; Die Kinder der 3. und 4. Klasse studierten eine Choreografie zum Pop Hit &#8222;APT&#8220; ein. Gemeinsam wurden Schritte und Aufstellungen \u00fcberlegt. Beim [&hellip;]<\/p>\n","protected":false},"author":10,"featured_media":0,"comment_status":"closed","ping_status":"closed","sticky":false,"template":"","format":"standard","meta":{"ngg_post_thumbnail":0,"footnotes":""},"categories":[1],"tags":[],"class_list":["post-10153","post","type-post","status-publish","format-standard","hentry","category-aktuelles"],"_links":{"self":[{"href":"https:\/\/vsseyring.ac.at\/index.php?rest_route=\/wp\/v2\/posts\/10153","targetHints":{"allow":["GET"]}}],"collection":[{"href":"https:\/\/vsseyring.ac.at\/index.php?rest_route=\/wp\/v2\/posts"}],"about":[{"href":"https:\/\/vsseyring.ac.at\/index.php?rest_route=\/wp\/v2\/types\/post"}],"author":[{"embeddable":true,"href":"https:\/\/vsseyring.ac.at\/index.php?rest_route=\/wp\/v2\/users\/10"}],"replies":[{"embeddable":true,"href":"https:\/\/vsseyring.ac.at\/index.php?rest_route=%2Fwp%2Fv2%2Fcomments&post=10153"}],"version-history":[{"count":8,"href":"https:\/\/vsseyring.ac.at\/index.php?rest_route=\/wp\/v2\/posts\/10153\/revisions"}],"predecessor-version":[{"id":10290,"href":"https:\/\/vsseyring.ac.at\/index.php?rest_route=\/wp\/v2\/posts\/10153\/revisions\/10290"}],"wp:attachment":[{"href":"https:\/\/vsseyring.ac.at\/index.php?rest_route=%2Fwp%2Fv2%2Fmedia&parent=10153"}],"wp:term":[{"taxonomy":"category","embeddable":true,"href":"https:\/\/vsseyring.ac.at\/index.php?rest_route=%2Fwp%2Fv2%2Fcategories&post=10153"},{"taxonomy":"post_tag","embeddable":true,"href":"https:\/\/vsseyring.ac.at\/index.php?rest_route=%2Fwp%2Fv2%2Ftags&post=10153"}],"curies":[{"name":"wp","href":"https:\/\/api.w.org\/{rel}","templated":true}]}}