{"id":9166,"date":"2025-04-15T11:35:30","date_gmt":"2025-04-15T09:35:30","guid":{"rendered":"https:\/\/vsseyring.ac.at\/?p=9166"},"modified":"2026-04-21T15:01:31","modified_gmt":"2026-04-21T13:01:31","slug":"unsere-schule","status":"publish","type":"post","link":"https:\/\/vsseyring.ac.at\/?p=9166","title":{"rendered":"Aktuelles"},"content":{"rendered":"<h3><strong><span style=\"color: #339966;\">SUMSI Cup 2026<\/span><\/strong><\/h3>\n<p>Was f\u00fcr ein toller Erfolg! Als kleine Schule haben wir von 12 Schulen den hervorragenden 6. Platz gemacht! Ein Spiel wurde nur verloren und das in der letzten Sekunde. Die Kinder haben nur zwei Gegentreffer im Turnier erhalten. Durch den enormen Teamgeist konnten kleine Schw\u00e4chen ausgeglichen werden. Wir alle sind besonders stolz auf unsere Fu\u00dfballer! \ud83d\udcaa\u26bd<\/p>\n<p><img loading=\"lazy\" decoding=\"async\" class=\"aligncenter size-large wp-image-10441\" src=\"https:\/\/vsseyring.ac.at\/wp-content\/uploads\/2025\/04\/InCollage_20260421_145242797-1024x1024.jpg\" alt=\"\" width=\"670\" height=\"670\" srcset=\"https:\/\/vsseyring.ac.at\/wp-content\/uploads\/2025\/04\/InCollage_20260421_145242797-1024x1024.jpg 1024w, https:\/\/vsseyring.ac.at\/wp-content\/uploads\/2025\/04\/InCollage_20260421_145242797-300x300.jpg 300w, https:\/\/vsseyring.ac.at\/wp-content\/uploads\/2025\/04\/InCollage_20260421_145242797-150x150.jpg 150w, https:\/\/vsseyring.ac.at\/wp-content\/uploads\/2025\/04\/InCollage_20260421_145242797-768x768.jpg 768w, https:\/\/vsseyring.ac.at\/wp-content\/uploads\/2025\/04\/InCollage_20260421_145242797-1536x1536.jpg 1536w, https:\/\/vsseyring.ac.at\/wp-content\/uploads\/2025\/04\/InCollage_20260421_145242797-2048x2048.jpg 2048w\" sizes=\"auto, (max-width: 670px) 100vw, 670px\" \/><\/p>\n<p>&nbsp;<\/p>\n<h3 style=\"text-align: left;\"><span style=\"color: #339966;\">Flurreinigung<\/span>&nbsp;<\/h3>\n<p>Alle Kinder unserer Schule sammelten wieder flei\u00dfig M\u00fcll im Ort, damit er sauber und sch\u00f6n bleibt.&nbsp;<\/p>\n<p><img loading=\"lazy\" decoding=\"async\" class=\"aligncenter size-large wp-image-10438\" src=\"https:\/\/vsseyring.ac.at\/wp-content\/uploads\/2025\/04\/InCollage_20260331_182130728-1024x1024.jpg\" alt=\"\" width=\"670\" height=\"670\" srcset=\"https:\/\/vsseyring.ac.at\/wp-content\/uploads\/2025\/04\/InCollage_20260331_182130728-1024x1024.jpg 1024w, https:\/\/vsseyring.ac.at\/wp-content\/uploads\/2025\/04\/InCollage_20260331_182130728-300x300.jpg 300w, https:\/\/vsseyring.ac.at\/wp-content\/uploads\/2025\/04\/InCollage_20260331_182130728-150x150.jpg 150w, https:\/\/vsseyring.ac.at\/wp-content\/uploads\/2025\/04\/InCollage_20260331_182130728-768x768.jpg 768w, https:\/\/vsseyring.ac.at\/wp-content\/uploads\/2025\/04\/InCollage_20260331_182130728-1536x1536.jpg 1536w, https:\/\/vsseyring.ac.at\/wp-content\/uploads\/2025\/04\/InCollage_20260331_182130728-2048x2048.jpg 2048w\" sizes=\"auto, (max-width: 670px) 100vw, 670px\" \/><\/p>\n<h3>&nbsp;<\/h3>\n<h3><span style=\"color: #339966;\">Ausflug St. P\u00f6lten&nbsp;<\/span><\/h3>\n<p>Auch heuer besuchte die vierte Klasse die Landeshauptstadt St. P\u00f6lten. Es wurde der Landtag besichtigt und die Altstadt. Ein gemeinsames Mittagessen durfte nicht fehlen.<\/p>\n<p><img loading=\"lazy\" decoding=\"async\" class=\"aligncenter size-large wp-image-10436\" src=\"https:\/\/vsseyring.ac.at\/wp-content\/uploads\/2025\/04\/InCollage_20260329_201139655-1024x1024.jpg\" alt=\"\" width=\"670\" height=\"670\" srcset=\"https:\/\/vsseyring.ac.at\/wp-content\/uploads\/2025\/04\/InCollage_20260329_201139655-1024x1024.jpg 1024w, https:\/\/vsseyring.ac.at\/wp-content\/uploads\/2025\/04\/InCollage_20260329_201139655-300x300.jpg 300w, https:\/\/vsseyring.ac.at\/wp-content\/uploads\/2025\/04\/InCollage_20260329_201139655-150x150.jpg 150w, https:\/\/vsseyring.ac.at\/wp-content\/uploads\/2025\/04\/InCollage_20260329_201139655-768x768.jpg 768w, https:\/\/vsseyring.ac.at\/wp-content\/uploads\/2025\/04\/InCollage_20260329_201139655-1536x1536.jpg 1536w, https:\/\/vsseyring.ac.at\/wp-content\/uploads\/2025\/04\/InCollage_20260329_201139655-2048x2048.jpg 2048w\" sizes=\"auto, (max-width: 670px) 100vw, 670px\" \/><\/p>\n<h3>&nbsp;<\/h3>\n<h3><span style=\"color: #008000;\">Besuch des AWS Abfallzentrums Schwechat&nbsp;<\/span><\/h3>\n<p>Die vierte Klasse durfte einen ganzen Vormittag&nbsp; im Abfallzentrum Schwechat verbringen. Nach spannenden f\u00fcnf interaktiven Stationen und einem Mittagessen, konnten die Kinder auch eine Sammelstelle besichtigen und wichtige Informationen zum M\u00fcll trennen erhalten.&nbsp;<\/p>\n<h3><img loading=\"lazy\" decoding=\"async\" class=\"aligncenter size-large wp-image-10434\" src=\"https:\/\/vsseyring.ac.at\/wp-content\/uploads\/2025\/04\/InCollage_20260314_171238996-1024x1024.jpg\" alt=\"\" width=\"670\" height=\"670\" srcset=\"https:\/\/vsseyring.ac.at\/wp-content\/uploads\/2025\/04\/InCollage_20260314_171238996-1024x1024.jpg 1024w, https:\/\/vsseyring.ac.at\/wp-content\/uploads\/2025\/04\/InCollage_20260314_171238996-300x300.jpg 300w, https:\/\/vsseyring.ac.at\/wp-content\/uploads\/2025\/04\/InCollage_20260314_171238996-150x150.jpg 150w, https:\/\/vsseyring.ac.at\/wp-content\/uploads\/2025\/04\/InCollage_20260314_171238996-768x768.jpg 768w, https:\/\/vsseyring.ac.at\/wp-content\/uploads\/2025\/04\/InCollage_20260314_171238996-1536x1536.jpg 1536w, https:\/\/vsseyring.ac.at\/wp-content\/uploads\/2025\/04\/InCollage_20260314_171238996-2048x2048.jpg 2048w\" sizes=\"auto, (max-width: 670px) 100vw, 670px\" \/><\/h3>\n<h3>&nbsp;<\/h3>\n<h3><span style=\"color: #339966;\">Faschingsfest<\/span><\/h3>\n<p>Auch heuer feierten wir gemeinsam Fasching mit Umzug im Schulhaus und das beste Kost\u00fcm wurde gew\u00e4hlt! Der Sieg ging an Marco aus der 3. Klasse.&nbsp;<\/p>\n<p><img loading=\"lazy\" decoding=\"async\" class=\"aligncenter size-medium wp-image-10420\" src=\"https:\/\/vsseyring.ac.at\/wp-content\/uploads\/2025\/04\/IMG-20260217-WA0017-225x300.jpg\" alt=\"\" width=\"225\" height=\"300\" srcset=\"https:\/\/vsseyring.ac.at\/wp-content\/uploads\/2025\/04\/IMG-20260217-WA0017-225x300.jpg 225w, https:\/\/vsseyring.ac.at\/wp-content\/uploads\/2025\/04\/IMG-20260217-WA0017-768x1024.jpg 768w, https:\/\/vsseyring.ac.at\/wp-content\/uploads\/2025\/04\/IMG-20260217-WA0017-1152x1536.jpg 1152w, https:\/\/vsseyring.ac.at\/wp-content\/uploads\/2025\/04\/IMG-20260217-WA0017.jpg 1200w\" sizes=\"auto, (max-width: 225px) 100vw, 225px\" \/><\/p>\n<p><img loading=\"lazy\" decoding=\"async\" class=\"aligncenter size-large wp-image-10422\" src=\"https:\/\/vsseyring.ac.at\/wp-content\/uploads\/2025\/04\/InCollage_20260220_143958147-1024x1024.jpg\" alt=\"\" width=\"670\" height=\"670\" srcset=\"https:\/\/vsseyring.ac.at\/wp-content\/uploads\/2025\/04\/InCollage_20260220_143958147-1024x1024.jpg 1024w, https:\/\/vsseyring.ac.at\/wp-content\/uploads\/2025\/04\/InCollage_20260220_143958147-300x300.jpg 300w, https:\/\/vsseyring.ac.at\/wp-content\/uploads\/2025\/04\/InCollage_20260220_143958147-150x150.jpg 150w, https:\/\/vsseyring.ac.at\/wp-content\/uploads\/2025\/04\/InCollage_20260220_143958147-768x768.jpg 768w, https:\/\/vsseyring.ac.at\/wp-content\/uploads\/2025\/04\/InCollage_20260220_143958147-1536x1536.jpg 1536w, https:\/\/vsseyring.ac.at\/wp-content\/uploads\/2025\/04\/InCollage_20260220_143958147-2048x2048.jpg 2048w\" sizes=\"auto, (max-width: 670px) 100vw, 670px\" \/><\/p>\n<div style=\"width: 670px;\" class=\"wp-video\"><!--[if lt IE 9]><script>document.createElement('video');<\/script><![endif]-->\n<video class=\"wp-video-shortcode\" id=\"video-9166-1\" width=\"670\" height=\"379\" preload=\"metadata\" controls=\"controls\"><source type=\"video\/mp4\" src=\"https:\/\/vsseyring.ac.at\/wp-content\/uploads\/2025\/04\/VID-20260217-WA0000.mp4?_=1\" \/><a href=\"https:\/\/vsseyring.ac.at\/wp-content\/uploads\/2025\/04\/VID-20260217-WA0000.mp4\">https:\/\/vsseyring.ac.at\/wp-content\/uploads\/2025\/04\/VID-20260217-WA0000.mp4<\/a><\/video><\/div>\n<h3>&nbsp;<\/h3>\n<h3><span style=\"color: #339966;\">Eislaufen in Matzen&nbsp;<\/span><\/h3>\n<p>Auch heuer fuhr die ganze Schule wieder zweimal nach Matzen Eislaufen. Alle Kinder waren flei\u00dfig am Eis und hatten viel Spa\u00df an der frischen Luft.&nbsp;<\/p>\n<p><img loading=\"lazy\" decoding=\"async\" class=\"aligncenter wp-image-10414\" src=\"https:\/\/vsseyring.ac.at\/wp-content\/uploads\/2025\/04\/1000206009-1024x1024.jpg\" alt=\"\" width=\"601\" height=\"601\" srcset=\"https:\/\/vsseyring.ac.at\/wp-content\/uploads\/2025\/04\/1000206009-1024x1024.jpg 1024w, https:\/\/vsseyring.ac.at\/wp-content\/uploads\/2025\/04\/1000206009-300x300.jpg 300w, https:\/\/vsseyring.ac.at\/wp-content\/uploads\/2025\/04\/1000206009-150x150.jpg 150w, https:\/\/vsseyring.ac.at\/wp-content\/uploads\/2025\/04\/1000206009-768x768.jpg 768w, https:\/\/vsseyring.ac.at\/wp-content\/uploads\/2025\/04\/1000206009-1536x1536.jpg 1536w, https:\/\/vsseyring.ac.at\/wp-content\/uploads\/2025\/04\/1000206009-2048x2048.jpg 2048w\" sizes=\"auto, (max-width: 601px) 100vw, 601px\" \/> <img loading=\"lazy\" decoding=\"async\" class=\"aligncenter wp-image-10415\" src=\"https:\/\/vsseyring.ac.at\/wp-content\/uploads\/2025\/04\/1000206010-1024x1024.jpg\" alt=\"\" width=\"600\" height=\"600\" srcset=\"https:\/\/vsseyring.ac.at\/wp-content\/uploads\/2025\/04\/1000206010-1024x1024.jpg 1024w, https:\/\/vsseyring.ac.at\/wp-content\/uploads\/2025\/04\/1000206010-300x300.jpg 300w, https:\/\/vsseyring.ac.at\/wp-content\/uploads\/2025\/04\/1000206010-150x150.jpg 150w, https:\/\/vsseyring.ac.at\/wp-content\/uploads\/2025\/04\/1000206010-768x768.jpg 768w, https:\/\/vsseyring.ac.at\/wp-content\/uploads\/2025\/04\/1000206010-1536x1536.jpg 1536w, https:\/\/vsseyring.ac.at\/wp-content\/uploads\/2025\/04\/1000206010-2048x2048.jpg 2048w\" sizes=\"auto, (max-width: 600px) 100vw, 600px\" \/><\/p>\n<p>&nbsp;<\/p>\n<p>&nbsp;<\/p>\n<h3><span style=\"color: #339966;\">Weihnachtswerkstatt<\/span>&nbsp;<\/h3>\n<p>Mit Hilfe vieler Eltern konnten wir zwei Tage vor Weihnachten f\u00fcr unsere Kinder einen tollen Vormittag mit vielen Basteleien und auch anderen Stationen anbieten.&nbsp;<\/p>\n<p><img loading=\"lazy\" decoding=\"async\" class=\"size-large wp-image-10407 alignleft\" src=\"https:\/\/vsseyring.ac.at\/wp-content\/uploads\/2025\/04\/InCollage_20260105_134739576-1024x1024.jpg\" alt=\"\" width=\"670\" height=\"670\" srcset=\"https:\/\/vsseyring.ac.at\/wp-content\/uploads\/2025\/04\/InCollage_20260105_134739576-1024x1024.jpg 1024w, https:\/\/vsseyring.ac.at\/wp-content\/uploads\/2025\/04\/InCollage_20260105_134739576-300x300.jpg 300w, https:\/\/vsseyring.ac.at\/wp-content\/uploads\/2025\/04\/InCollage_20260105_134739576-150x150.jpg 150w, https:\/\/vsseyring.ac.at\/wp-content\/uploads\/2025\/04\/InCollage_20260105_134739576-768x768.jpg 768w, https:\/\/vsseyring.ac.at\/wp-content\/uploads\/2025\/04\/InCollage_20260105_134739576-1536x1536.jpg 1536w, https:\/\/vsseyring.ac.at\/wp-content\/uploads\/2025\/04\/InCollage_20260105_134739576-2048x2048.jpg 2048w\" sizes=\"auto, (max-width: 670px) 100vw, 670px\" \/><\/p>\n<p>&nbsp;<\/p>\n<p>&nbsp;<\/p>\n<h4>&nbsp;<\/h4>\n<h4 style=\"text-align: left;\">&nbsp;<\/h4>\n<h3>&nbsp;<\/h3>\n<h3>&nbsp;<\/h3>\n<h3>&nbsp;<\/h3>\n<h3>&nbsp;<\/h3>\n<h3>&nbsp;<\/h3>\n<h3>&nbsp;<\/h3>\n<h3><span style=\"color: #339966;\">Schulmesse<\/span>&nbsp;<\/h3>\n<p><img loading=\"lazy\" decoding=\"async\" class=\"aligncenter size-large wp-image-10404\" src=\"https:\/\/vsseyring.ac.at\/wp-content\/uploads\/2025\/04\/InCollage_20251218_200257186-1024x1024.jpg\" alt=\"\" width=\"670\" height=\"670\" srcset=\"https:\/\/vsseyring.ac.at\/wp-content\/uploads\/2025\/04\/InCollage_20251218_200257186-1024x1024.jpg 1024w, https:\/\/vsseyring.ac.at\/wp-content\/uploads\/2025\/04\/InCollage_20251218_200257186-300x300.jpg 300w, https:\/\/vsseyring.ac.at\/wp-content\/uploads\/2025\/04\/InCollage_20251218_200257186-150x150.jpg 150w, https:\/\/vsseyring.ac.at\/wp-content\/uploads\/2025\/04\/InCollage_20251218_200257186-768x768.jpg 768w, https:\/\/vsseyring.ac.at\/wp-content\/uploads\/2025\/04\/InCollage_20251218_200257186-1536x1536.jpg 1536w, https:\/\/vsseyring.ac.at\/wp-content\/uploads\/2025\/04\/InCollage_20251218_200257186-2048x2048.jpg 2048w\" sizes=\"auto, (max-width: 670px) 100vw, 670px\" \/><\/p>\n<h4>&nbsp;<\/h4>\n<h4><span style=\"color: #339966;\">Sammelaktion &#8222;Kilo gegen Armut&#8220;&nbsp;<\/span><\/h4>\n<p>Heuer nahm unsere Schule an der Aktion &#8222;Kilo gegen Armut&#8220; teil. Es wurde flei\u00dfig gesammelt und viele Familien k\u00f6nnen nun damit unterst\u00fctzt werden.<\/p>\n<p><img loading=\"lazy\" decoding=\"async\" src=\"https:\/\/vsseyring.ac.at\/wp-content\/uploads\/2025\/04\/InCollage_20251214_211616211-1024x1024.jpg\" alt=\"\" width=\"670\" height=\"670\"><\/p>\n<p>&nbsp;<\/p>\n<h4><span style=\"color: #008000;\">Ausflug 3. Klasse Schulmuseum&nbsp;<\/span><\/h4>\n<p>Die 3. Klasse besuchte im Herbst das Schulmuseum in Michelstetten. Dort durften sie entdecken, wie es vor \u00fcber 100 Jahren in der Schule aussah. Im Anschluss an die F\u00fchrung konnten sie noch mit alten Federn und Tinte schreiben, sowie auf Schiefertafeln die alte Schulschrift \u00fcben.<\/p>\n<p><img loading=\"lazy\" decoding=\"async\" src=\"https:\/\/vsseyring.ac.at\/wp-content\/uploads\/2025\/04\/InCollage_20251104_133956393-1024x1024.jpg\" alt=\"\" width=\"670\" height=\"670\"><\/p>\n<p>&nbsp;<\/p>\n<h4><span style=\"color: #008000;\">Lesenacht<\/span>&nbsp;<span style=\"color: #008000;\">4. Klasse<\/span><\/h4>\n<p>Vor den Herbstferien fand die Lesenacht der vierten Klasse statt. Nach dem gemeinsamen Essen der Pizza machten die Kinder einen spannenden Escape Room zum Thema Halloween. Vor dem Schlafengehen erkundeten wir die Schule mit der Taschenlampe. Dann wurde noch gelesen und schlie\u00dflich auch geschlafen. Am n\u00e4chsten Tag durfte ein gemeinsames Fr\u00fchst\u00fcck nicht fehlen. Danke auch an die Eltern f\u00fcr die Mithilfe bei der Organisation!&nbsp;<\/p>\n<p><img loading=\"lazy\" decoding=\"async\" class=\"aligncenter size-large wp-image-10382\" src=\"https:\/\/vsseyring.ac.at\/wp-content\/uploads\/2025\/04\/InCollage_20251024_194008360-1024x1024.jpg\" alt=\"\" width=\"670\" height=\"670\" srcset=\"https:\/\/vsseyring.ac.at\/wp-content\/uploads\/2025\/04\/InCollage_20251024_194008360-1024x1024.jpg 1024w, https:\/\/vsseyring.ac.at\/wp-content\/uploads\/2025\/04\/InCollage_20251024_194008360-300x300.jpg 300w, https:\/\/vsseyring.ac.at\/wp-content\/uploads\/2025\/04\/InCollage_20251024_194008360-150x150.jpg 150w, https:\/\/vsseyring.ac.at\/wp-content\/uploads\/2025\/04\/InCollage_20251024_194008360-768x768.jpg 768w, https:\/\/vsseyring.ac.at\/wp-content\/uploads\/2025\/04\/InCollage_20251024_194008360-1536x1536.jpg 1536w, https:\/\/vsseyring.ac.at\/wp-content\/uploads\/2025\/04\/InCollage_20251024_194008360-2048x2048.jpg 2048w\" sizes=\"auto, (max-width: 670px) 100vw, 670px\" \/><\/p>\n<p>&nbsp;<\/p>\n<h4>&nbsp;<\/h4>\n<h4 style=\"text-align: left;\"><span style=\"color: #339966;\">Ausflug<\/span><span style=\"color: #008000;\"> Fossilienwelt Stetten&nbsp;<\/span><\/h4>\n<p>Die MSK 1+2, die 3. und 4. Klasse besuchten die Fossilienwelt in Stetten. Nach einer sehr interessanten F\u00fchrung durch die Geschichte unserer Umgebung, gruben die Kinder mit viel Begeisterung nach Perlen, Muscheln und Haifisch Z\u00e4hnen. Auch die Spielpl\u00e4tze wurden ausgiebig gen\u00fctzt. Ein gelungener Vormittag!<\/p>\n<p><img loading=\"lazy\" decoding=\"async\" class=\"aligncenter wp-image-10364 size-large\" src=\"https:\/\/vsseyring.ac.at\/wp-content\/uploads\/2025\/04\/InCollage_20251014_195335593-1024x1024.jpg\" alt=\"\" width=\"670\" height=\"670\" srcset=\"https:\/\/vsseyring.ac.at\/wp-content\/uploads\/2025\/04\/InCollage_20251014_195335593-1024x1024.jpg 1024w, https:\/\/vsseyring.ac.at\/wp-content\/uploads\/2025\/04\/InCollage_20251014_195335593-300x300.jpg 300w, https:\/\/vsseyring.ac.at\/wp-content\/uploads\/2025\/04\/InCollage_20251014_195335593-150x150.jpg 150w, https:\/\/vsseyring.ac.at\/wp-content\/uploads\/2025\/04\/InCollage_20251014_195335593-768x768.jpg 768w, https:\/\/vsseyring.ac.at\/wp-content\/uploads\/2025\/04\/InCollage_20251014_195335593-1536x1536.jpg 1536w, https:\/\/vsseyring.ac.at\/wp-content\/uploads\/2025\/04\/InCollage_20251014_195335593-2048x2048.jpg 2048w\" sizes=\"auto, (max-width: 670px) 100vw, 670px\" \/> <img loading=\"lazy\" decoding=\"async\" class=\"aligncenter wp-image-10365 size-large\" src=\"https:\/\/vsseyring.ac.at\/wp-content\/uploads\/2025\/04\/InCollage_20251014_194940020-1024x1024.jpg\" alt=\"\" width=\"670\" height=\"670\" srcset=\"https:\/\/vsseyring.ac.at\/wp-content\/uploads\/2025\/04\/InCollage_20251014_194940020-1024x1024.jpg 1024w, https:\/\/vsseyring.ac.at\/wp-content\/uploads\/2025\/04\/InCollage_20251014_194940020-300x300.jpg 300w, https:\/\/vsseyring.ac.at\/wp-content\/uploads\/2025\/04\/InCollage_20251014_194940020-150x150.jpg 150w, https:\/\/vsseyring.ac.at\/wp-content\/uploads\/2025\/04\/InCollage_20251014_194940020-768x768.jpg 768w, https:\/\/vsseyring.ac.at\/wp-content\/uploads\/2025\/04\/InCollage_20251014_194940020-1536x1536.jpg 1536w, https:\/\/vsseyring.ac.at\/wp-content\/uploads\/2025\/04\/InCollage_20251014_194940020-2048x2048.jpg 2048w\" sizes=\"auto, (max-width: 670px) 100vw, 670px\" \/><\/p>\n<h4>&nbsp;<\/h4>\n<h4><span style=\"color: #008000;\">Sch\u00f6pfungsgeschichte<\/span>&nbsp;<\/h4>\n<p>Die r\u00f6m.kath. Religionskinder der 4. Klasse gestalteten ein Video zur Sch\u00f6pfungsgeschichte.&nbsp;<\/p>\n<p><iframe loading=\"lazy\" title=\"Die Sch\u00f6pfungsgeschichte\" width=\"670\" height=\"377\" src=\"https:\/\/www.youtube.com\/embed\/-BKQvO7g0PY?feature=oembed\" frameborder=\"0\" allow=\"accelerometer; autoplay; clipboard-write; encrypted-media; gyroscope; picture-in-picture; web-share\" referrerpolicy=\"strict-origin-when-cross-origin\" allowfullscreen><\/iframe><\/p>\n<p>&nbsp;<\/p>\n<h4><span style=\"color: #008000;\">Technik und Design<\/span>&nbsp;<\/h4>\n<p>Die Sch\u00fclerInnen der 3. Klasse haben im Technik und Design- Unterricht eine eigene Kugelbahn designt und gestaltet.<\/p>\n<p><img loading=\"lazy\" decoding=\"async\" class=\"aligncenter size-medium wp-image-10352\" src=\"https:\/\/vsseyring.ac.at\/wp-content\/uploads\/2025\/04\/IMG-20251006-WA0002-225x300.jpg\" alt=\"\" width=\"225\" height=\"300\" srcset=\"https:\/\/vsseyring.ac.at\/wp-content\/uploads\/2025\/04\/IMG-20251006-WA0002-225x300.jpg 225w, https:\/\/vsseyring.ac.at\/wp-content\/uploads\/2025\/04\/IMG-20251006-WA0002-768x1024.jpg 768w, https:\/\/vsseyring.ac.at\/wp-content\/uploads\/2025\/04\/IMG-20251006-WA0002-1152x1536.jpg 1152w, https:\/\/vsseyring.ac.at\/wp-content\/uploads\/2025\/04\/IMG-20251006-WA0002.jpg 1536w\" sizes=\"auto, (max-width: 225px) 100vw, 225px\" \/> <img loading=\"lazy\" decoding=\"async\" class=\"aligncenter wp-image-10353 size-medium\" src=\"https:\/\/vsseyring.ac.at\/wp-content\/uploads\/2025\/04\/IMG-20251006-WA0001-225x300.jpg\" alt=\"\" width=\"225\" height=\"300\" srcset=\"https:\/\/vsseyring.ac.at\/wp-content\/uploads\/2025\/04\/IMG-20251006-WA0001-225x300.jpg 225w, https:\/\/vsseyring.ac.at\/wp-content\/uploads\/2025\/04\/IMG-20251006-WA0001-768x1024.jpg 768w, https:\/\/vsseyring.ac.at\/wp-content\/uploads\/2025\/04\/IMG-20251006-WA0001-1152x1536.jpg 1152w, https:\/\/vsseyring.ac.at\/wp-content\/uploads\/2025\/04\/IMG-20251006-WA0001.jpg 1536w\" sizes=\"auto, (max-width: 225px) 100vw, 225px\" \/><\/p>\n<h4>&nbsp;<\/h4>\n<h4><span style=\"color: #339966;\"><strong>Robotik Workshop<\/strong><\/span>&nbsp;<\/h4>\n<p style=\"text-align: left;\">Die 4. Klasse durfte im September in die Welt der Roboter und Programmierer eintauchen. Alle Kinder waren voll konzentriert und begeistert bei der Sache. Jeder konnte einen Roboter zum &#8222;Leben&#8220; erwecken und Befehle programmieren. Nun d\u00fcrfen uns bis J\u00e4nner noch vier Roboter begleiten und auch die anderen Kinder der Schule haben die M\u00f6glichkeit das Programmieren auszuprobieren!&nbsp;<\/p>\n<p><img loading=\"lazy\" decoding=\"async\" class=\"aligncenter size-large wp-image-10336\" src=\"https:\/\/vsseyring.ac.at\/wp-content\/uploads\/2025\/04\/InCollage_20251003_205945479-1024x1024.jpg\" alt=\"\" width=\"670\" height=\"670\" srcset=\"https:\/\/vsseyring.ac.at\/wp-content\/uploads\/2025\/04\/InCollage_20251003_205945479-1024x1024.jpg 1024w, https:\/\/vsseyring.ac.at\/wp-content\/uploads\/2025\/04\/InCollage_20251003_205945479-300x300.jpg 300w, https:\/\/vsseyring.ac.at\/wp-content\/uploads\/2025\/04\/InCollage_20251003_205945479-150x150.jpg 150w, https:\/\/vsseyring.ac.at\/wp-content\/uploads\/2025\/04\/InCollage_20251003_205945479-768x768.jpg 768w, https:\/\/vsseyring.ac.at\/wp-content\/uploads\/2025\/04\/InCollage_20251003_205945479-1536x1536.jpg 1536w, https:\/\/vsseyring.ac.at\/wp-content\/uploads\/2025\/04\/InCollage_20251003_205945479-2048x2048.jpg 2048w\" sizes=\"auto, (max-width: 670px) 100vw, 670px\" \/><\/p>\n<h4>&nbsp;<\/h4>\n<h4><strong><span style=\"color: #339966;\">Ausflug Ernstbrunn&nbsp;<\/span><\/strong><\/h4>\n<p>Die ganzen Schule besuchte am 12. September den Tierpark Ernstbrunn. Gemeinsam konnten die Kinder die Wildtiere hautnah erleben.&nbsp;<\/p>\n<p><img loading=\"lazy\" decoding=\"async\" src=\"https:\/\/vsseyring.ac.at\/wp-content\/uploads\/2025\/10\/IMG-20250912-WA0004-1024x458.jpg\" alt=\"\" width=\"670\" height=\"300\"><\/p>\n<p><img loading=\"lazy\" decoding=\"async\" src=\"https:\/\/vsseyring.ac.at\/wp-content\/uploads\/2025\/04\/InCollage_20250912_155100241-1024x1024.jpg\" alt=\"\" width=\"670\" height=\"670\"><\/p>\n<p>&nbsp;<\/p>\n<p>&nbsp;<\/p>\n","protected":false},"excerpt":{"rendered":"<p>SUMSI Cup 2026 Was f\u00fcr ein toller Erfolg! Als kleine Schule haben wir von 12 Schulen den hervorragenden 6. Platz gemacht! Ein Spiel wurde nur verloren und das in der letzten Sekunde. Die Kinder haben nur zwei Gegentreffer im Turnier erhalten. Durch den enormen Teamgeist konnten kleine Schw\u00e4chen ausgeglichen werden. Wir alle sind besonders stolz [&hellip;]<\/p>\n","protected":false},"author":6,"featured_media":0,"comment_status":"closed","ping_status":"closed","sticky":false,"template":"","format":"standard","meta":{"ngg_post_thumbnail":0,"footnotes":""},"categories":[1],"tags":[],"class_list":["post-9166","post","type-post","status-publish","format-standard","hentry","category-aktuelles"],"_links":{"self":[{"href":"https:\/\/vsseyring.ac.at\/index.php?rest_route=\/wp\/v2\/posts\/9166","targetHints":{"allow":["GET"]}}],"collection":[{"href":"https:\/\/vsseyring.ac.at\/index.php?rest_route=\/wp\/v2\/posts"}],"about":[{"href":"https:\/\/vsseyring.ac.at\/index.php?rest_route=\/wp\/v2\/types\/post"}],"author":[{"embeddable":true,"href":"https:\/\/vsseyring.ac.at\/index.php?rest_route=\/wp\/v2\/users\/6"}],"replies":[{"embeddable":true,"href":"https:\/\/vsseyring.ac.at\/index.php?rest_route=%2Fwp%2Fv2%2Fcomments&post=9166"}],"version-history":[{"count":118,"href":"https:\/\/vsseyring.ac.at\/index.php?rest_route=\/wp\/v2\/posts\/9166\/revisions"}],"predecessor-version":[{"id":10442,"href":"https:\/\/vsseyring.ac.at\/index.php?rest_route=\/wp\/v2\/posts\/9166\/revisions\/10442"}],"wp:attachment":[{"href":"https:\/\/vsseyring.ac.at\/index.php?rest_route=%2Fwp%2Fv2%2Fmedia&parent=9166"}],"wp:term":[{"taxonomy":"category","embeddable":true,"href":"https:\/\/vsseyring.ac.at\/index.php?rest_route=%2Fwp%2Fv2%2Fcategories&post=9166"},{"taxonomy":"post_tag","embeddable":true,"href":"https:\/\/vsseyring.ac.at\/index.php?rest_route=%2Fwp%2Fv2%2Ftags&post=9166"}],"curies":[{"name":"wp","href":"https:\/\/api.w.org\/{rel}","templated":true}]}}